{"id":110100,"date":"2026-02-19T14:28:43","date_gmt":"2026-02-19T12:28:43","guid":{"rendered":"https:\/\/visittalsi.com\/?post_type=news&#038;p=110100"},"modified":"2026-02-19T14:28:46","modified_gmt":"2026-02-19T12:28:46","slug":"citadas-vakarinas-tingeres-muiza","status":"publish","type":"news","link":"https:\/\/visittalsi.com\/et\/jaunumi\/citadas-vakarinas-tingeres-muiza\/","title":{"rendered":"&#8220;Cit\u0101d\u0101s vakari\u0146as&#8221; Ti\u0146\u0123eres mui\u017e\u0101"},"content":{"rendered":"\n<p>\u0160oreiz vakara \u0113dienkart\u0113 ir d\u0101rze\u0146u pelme\u0146i, tirolie\u0161u kartupe\u013cu zupa un \u0161okol\u0101des-zemesriekstu k\u016bci\u0146as.<br>Pas\u0101kums s\u0101kas plkst. 19.00, \u012bpa\u0161as priek\u0161zin\u0101\u0161anas nav nepiecie\u0161amas, nav oblig\u0101ti j\u0101b\u016bt veg\u0101nam, bet v\u0113lme, ko jaunu iem\u0101c\u012bties gan ir oblig\u0101ta!&nbsp;<\/p>\n\n\n\n<p>Dal\u012bbas maksa 15 EUR.<br>Pieteik\u0161an\u0101s pa t\u0101lr. 26324662<\/p>\n\n\n\n<figure class=\"wp-block-image size-full\"><img loading=\"lazy\" decoding=\"async\" width=\"940\" height=\"788\" src=\"https:\/\/visittalsi.com\/wp-content\/uploads\/2026\/02\/637503712_1437417971504728_6447577590173439784_n.jpg\" alt=\"Cit\u0101das vakari\u0146as Ti\u0146\u0123eres mui\u017e\u0101, afi\u0161a\" class=\"wp-image-110101\" srcset=\"https:\/\/visittalsi.com\/wp-content\/uploads\/2026\/02\/637503712_1437417971504728_6447577590173439784_n.jpg 940w, https:\/\/visittalsi.com\/wp-content\/uploads\/2026\/02\/637503712_1437417971504728_6447577590173439784_n-600x503.jpg 600w, https:\/\/visittalsi.com\/wp-content\/uploads\/2026\/02\/637503712_1437417971504728_6447577590173439784_n-768x644.jpg 768w, https:\/\/visittalsi.com\/wp-content\/uploads\/2026\/02\/637503712_1437417971504728_6447577590173439784_n-500x419.jpg 500w, https:\/\/visittalsi.com\/wp-content\/uploads\/2026\/02\/637503712_1437417971504728_6447577590173439784_n-800x671.jpg 800w\" sizes=\"auto, (max-width: 940px) 100vw, 940px\" \/><\/figure>\n","protected":false},"excerpt":{"rendered":"<p>&#8220;Cit\u0101d\u0101s vakari\u0146as&#8221; Ti\u0146\u0123eres mui\u017e\u0101 notiks jau 8.reizi, t\u0101 ir rado\u0161\u0101 darbn\u012bca, kur\u0101 dal\u012bbniekiem ir iesp\u0113ja m\u0101c\u012bties pagatavot k\u0101du gardu veg\u0101nu \u0113dienu un kop\u012bgi baud\u012bt skaisto mui\u017eas atmosf\u0113ru pie skaisti kl\u0101ta vakari\u0146u galda, nodoties draudz\u012bg\u0101m un nesteidz\u012bg\u0101m sarun\u0101m. <\/p>\n","protected":false},"featured_media":110101,"template":"","meta":{"_acf_changed":false,"_relevanssi_hide_post":"","_relevanssi_pin_for_all":"","_relevanssi_pin_keywords":"","_relevanssi_unpin_keywords":"","_relevanssi_related_keywords":"","_relevanssi_related_include_ids":"","_relevanssi_related_exclude_ids":"","_relevanssi_related_no_append":"","_relevanssi_related_not_related":"","_relevanssi_related_posts":"75235,49972,68309,73542,68053,75100,107768,73136","_relevanssi_noindex_reason":"","inline_featured_image":false,"_monsterinsights_skip_tracking":false,"_monsterinsights_sitenote_active":false,"_monsterinsights_sitenote_note":"","_monsterinsights_sitenote_category":0,"_vp_format_video_url":"","_vp_image_focal_point":[]},"class_list":["post-110100","news","type-news","status-publish","has-post-thumbnail","hentry"],"acf":[],"aioseo_notices":[],"_links":{"self":[{"href":"https:\/\/visittalsi.com\/et\/wp-json\/wp\/v2\/news\/110100","targetHints":{"allow":["GET"]}}],"collection":[{"href":"https:\/\/visittalsi.com\/et\/wp-json\/wp\/v2\/news"}],"about":[{"href":"https:\/\/visittalsi.com\/et\/wp-json\/wp\/v2\/types\/news"}],"wp:featuredmedia":[{"embeddable":true,"href":"https:\/\/visittalsi.com\/et\/wp-json\/wp\/v2\/media\/110101"}],"wp:attachment":[{"href":"https:\/\/visittalsi.com\/et\/wp-json\/wp\/v2\/media?parent=110100"}],"curies":[{"name":"wp","href":"https:\/\/api.w.org\/{rel}","templated":true}]}}