{"id":109603,"date":"2026-01-15T09:15:09","date_gmt":"2026-01-15T07:15:09","guid":{"rendered":"https:\/\/visittalsi.com\/?post_type=news&#038;p=109603"},"modified":"2026-01-15T09:15:11","modified_gmt":"2026-01-15T07:15:11","slug":"popularais-gimenes-celojumu-blogs-cetri-celo-gardi-ziema-iepazist-talsu-novada-juras-piekrasti","status":"publish","type":"news","link":"https:\/\/visittalsi.com\/de\/jaunumi\/popularais-gimenes-celojumu-blogs-cetri-celo-gardi-ziema-iepazist-talsu-novada-juras-piekrasti\/","title":{"rendered":"Popul\u0101rais \u0123imenes ce\u013cojumu blogs \u201e\u010cetri ce\u013co gardi\u201d ziem\u0101 iepaz\u012bst Talsu novada j\u016bras piekrasti"},"content":{"rendered":"\n<p>Ce\u013cojuma laik\u0101 blogeri iepazina M\u0113rsragu, apmekl\u0113ja M\u0113rsraga b\u0101ku un viesu namu \u201ePrie\u017elejas\u201d, viesoj\u0101s fore\u013cu audz\u0113tav\u0101 \u201eDiv\u2019 ziv\u2019\u201d, degust\u0113ja kulin\u0101ro mantojumu un m\u0101jas v\u012bnus viesu m\u0101j\u0101 \u201eC\u012brul\u012b\u0161i\u201d, k\u0101 ar\u012b iepazina Kurzemes ku\u0123niec\u012bbas v\u0113stures ekspoz\u012bciju Kalten\u0113. Roj\u0101 ce\u013cot\u0101ji apmekl\u0113ja kafejn\u012bcu \u201eSpura\u201d, \u017docen\u0113 viesoj\u0101s pie \u201e\u012ast\u0101s latvju saimnieces 2025\u201d dal\u012bbnieces Ievi\u0146as Sviti\u0146as, apskat\u012bja \u0122ipkas bazn\u012bcu, Melnsil\u0101 degust\u0113ja uz\u0146\u0113muma \u201eWild&amp;free\u201d ra\u017eojumus un iepazin\u0101s ar Melnsila kempinga pied\u0101v\u0101jumu t\u016brisma nesezon\u0101, k\u0101 ar\u012b pabija Kolkas rag\u0101.<\/p>\n\n\n\n<p>Pirms brauciena Grand\u0101nu \u0123imene uzskat\u012bja, ka ziemas period\u0101 piekrast\u0113 galven\u0101 v\u0113rt\u012bba ir tikai j\u016bra, tom\u0113r ce\u013cojuma laik\u0101 piedz\u012bvotais pat\u012bkami p\u0101rsteidza. \u012apa\u0161i tika izcelta viesm\u012bl\u012bg\u0101 kafejn\u012bca \u201eSpura\u201d Roj\u0101, krogs Melnsil\u0101, k\u0101 ar\u012b t\u0101di maz\u0101k zin\u0101mi, bet unik\u0101li galam\u0113r\u0137i k\u0101 fore\u013cu audz\u0113tava \u201eDiv\u2019 ziv\u2019\u201d, ku\u0123niec\u012bbas v\u0113stures ekspoz\u012bcija Kalten\u0113, \u0122ipkas bazn\u012bca un uz\u0146\u0113mums \u201eWild&amp;free\u201d Melnsil\u0101.<\/p>\n\n\n\n<p>Grand\u0101nu \u0123imenes t\u0113vs J\u0101nis \u012bpa\u0161i nov\u0113rt\u0113ja piekrastes uz\u0146\u0113m\u0113ju savstarp\u0113jo sadarb\u012bbu un atv\u0113rt\u012bbu: \u201eTik sirsn\u012bgi, ka nav \u017e\u0113l aizs\u016bt\u012bt paskat\u012bt pie kaimi\u0146a! Tas ir liels retums!\u201d Savuk\u0101rt fore\u013cu audz\u0113tavu \u201eDiv\u2019 ziv\u2019\u201d ce\u013cot\u0101ji saredz k\u0101 pla\u0161i populariz\u0113jamu t\u016brisma galam\u0113r\u0137i, kur veiksm\u012bgi apvienots industri\u0101lais mantojums un videi draudz\u012bga p\u0101rtikas \u2013 fore\u013cu \u2013 audz\u0113\u0161ana. \u201eIeg\u0101d\u0101t\u0101s foreles fantastiski gar\u0161oja, turkl\u0101t piln\u012bgi at\u0161\u0137ir\u012bgi no l\u012bdz \u0161im \u0113staj\u0101m!\u201d uzsver J\u0101nis Grand\u0101ns.<\/p>\n\n\n\n<p>Par \u0161o izp\u0113tes braucienu, k\u0101 ar\u012b ieteikumiem ce\u013cot\u0101jiem baud\u012bt Talsu novada j\u016bras piekrasti ar\u012b nesezon\u0101, tuv\u0101kaj\u0101 laik\u0101 b\u016bs iesp\u0113jams las\u012bt port\u0101l\u0101 \u201eDelfi\u201d, laikrakst\u0101 \u201eDiena\u201d un \u0123imenes ce\u013cojumu blog\u0101 \u201e\u010cetri ce\u013co gardi\u201d.<\/p>\n\n\n\n<p>Pateic\u012bba visiem uz\u0146\u0113m\u0113jiem un M\u0113rsraga iedz\u012bvot\u0101jiem par atsauc\u012bbu un viesm\u012bl\u012bbu ce\u013cojumu blogeru uz\u0146em\u0161an\u0101 \u0161\u0101 gada 10. janv\u0101r\u012b.<\/p>\n\n\n\n<figure class=\"wp-block-gallery has-nested-images columns-default is-cropped wp-block-gallery-1 is-layout-flex wp-block-gallery-is-layout-flex\">\n<figure class=\"wp-block-image size-large\"><img loading=\"lazy\" decoding=\"async\" width=\"1125\" height=\"1500\" data-id=\"109616\" src=\"https:\/\/visittalsi.com\/wp-content\/uploads\/2026\/01\/cirulisi-1125x1500.jpg\" alt=\"\" class=\"wp-image-109616\" srcset=\"https:\/\/visittalsi.com\/wp-content\/uploads\/2026\/01\/cirulisi-1125x1500.jpg 1125w, https:\/\/visittalsi.com\/wp-content\/uploads\/2026\/01\/cirulisi-450x600.jpg 450w, https:\/\/visittalsi.com\/wp-content\/uploads\/2026\/01\/cirulisi-768x1024.jpg 768w, https:\/\/visittalsi.com\/wp-content\/uploads\/2026\/01\/cirulisi-1152x1536.jpg 1152w, https:\/\/visittalsi.com\/wp-content\/uploads\/2026\/01\/cirulisi-500x667.jpg 500w, https:\/\/visittalsi.com\/wp-content\/uploads\/2026\/01\/cirulisi-800x1067.jpg 800w, https:\/\/visittalsi.com\/wp-content\/uploads\/2026\/01\/cirulisi.jpg 1200w\" sizes=\"auto, (max-width: 1125px) 100vw, 1125px\" \/><\/figure>\n\n\n\n<figure class=\"wp-block-image size-large\"><img loading=\"lazy\" decoding=\"async\" width=\"1125\" height=\"1500\" data-id=\"109610\" src=\"https:\/\/visittalsi.com\/wp-content\/uploads\/2026\/01\/nez-1125x1500.jpg\" alt=\"\" class=\"wp-image-109610\" srcset=\"https:\/\/visittalsi.com\/wp-content\/uploads\/2026\/01\/nez-1125x1500.jpg 1125w, https:\/\/visittalsi.com\/wp-content\/uploads\/2026\/01\/nez-450x600.jpg 450w, https:\/\/visittalsi.com\/wp-content\/uploads\/2026\/01\/nez-768x1024.jpg 768w, https:\/\/visittalsi.com\/wp-content\/uploads\/2026\/01\/nez-1152x1536.jpg 1152w, https:\/\/visittalsi.com\/wp-content\/uploads\/2026\/01\/nez-500x667.jpg 500w, https:\/\/visittalsi.com\/wp-content\/uploads\/2026\/01\/nez-800x1067.jpg 800w, https:\/\/visittalsi.com\/wp-content\/uploads\/2026\/01\/nez.jpg 1200w\" sizes=\"auto, (max-width: 1125px) 100vw, 1125px\" \/><\/figure>\n\n\n\n<figure class=\"wp-block-image size-large\"><img loading=\"lazy\" decoding=\"async\" width=\"1125\" height=\"1500\" data-id=\"109621\" src=\"https:\/\/visittalsi.com\/wp-content\/uploads\/2026\/01\/Spura-1125x1500.jpg\" alt=\"\" class=\"wp-image-109621\" srcset=\"https:\/\/visittalsi.com\/wp-content\/uploads\/2026\/01\/Spura-1125x1500.jpg 1125w, https:\/\/visittalsi.com\/wp-content\/uploads\/2026\/01\/Spura-450x600.jpg 450w, https:\/\/visittalsi.com\/wp-content\/uploads\/2026\/01\/Spura-768x1024.jpg 768w, https:\/\/visittalsi.com\/wp-content\/uploads\/2026\/01\/Spura-1152x1536.jpg 1152w, https:\/\/visittalsi.com\/wp-content\/uploads\/2026\/01\/Spura-500x667.jpg 500w, https:\/\/visittalsi.com\/wp-content\/uploads\/2026\/01\/Spura-800x1067.jpg 800w, https:\/\/visittalsi.com\/wp-content\/uploads\/2026\/01\/Spura.jpg 1200w\" sizes=\"auto, (max-width: 1125px) 100vw, 1125px\" \/><\/figure>\n<\/figure>\n","protected":false},"excerpt":{"rendered":"<p>\u0160\u0101 gada. 10. janv\u0101r\u012b Talsu novada j\u016bras piekrasti mar\u0161rut\u0101 M\u0113rsrags \u2013 Kaltene \u2013 Roja \u2013 \u017docene \u2013 \u0122ipka \u2013 Melnsils \u2013 Kolkas rags apce\u013coja Grand\u0101nu \u0123imene \u2013 Latvij\u0101 popul\u0101r\u0101kais \u0123imenes ce\u013cojumu blogs \u010cetri ce\u013co gardi.<\/p>\n","protected":false},"featured_media":109604,"template":"","meta":{"_acf_changed":false,"_relevanssi_hide_post":"","_relevanssi_pin_for_all":"","_relevanssi_pin_keywords":"","_relevanssi_unpin_keywords":"","_relevanssi_related_keywords":"","_relevanssi_related_include_ids":"","_relevanssi_related_exclude_ids":"","_relevanssi_related_no_append":"","_relevanssi_related_not_related":"","_relevanssi_related_posts":"50897,75100,66574,66560,90703,74879,75165,58096","_relevanssi_noindex_reason":"","inline_featured_image":false,"_monsterinsights_skip_tracking":false,"_monsterinsights_sitenote_active":false,"_monsterinsights_sitenote_note":"","_monsterinsights_sitenote_category":0,"_vp_format_video_url":"","_vp_image_focal_point":[]},"class_list":["post-109603","news","type-news","status-publish","has-post-thumbnail","hentry"],"acf":[],"aioseo_notices":[],"_links":{"self":[{"href":"https:\/\/visittalsi.com\/de\/wp-json\/wp\/v2\/news\/109603","targetHints":{"allow":["GET"]}}],"collection":[{"href":"https:\/\/visittalsi.com\/de\/wp-json\/wp\/v2\/news"}],"about":[{"href":"https:\/\/visittalsi.com\/de\/wp-json\/wp\/v2\/types\/news"}],"wp:featuredmedia":[{"embeddable":true,"href":"https:\/\/visittalsi.com\/de\/wp-json\/wp\/v2\/media\/109604"}],"wp:attachment":[{"href":"https:\/\/visittalsi.com\/de\/wp-json\/wp\/v2\/media?parent=109603"}],"curies":[{"name":"wp","href":"https:\/\/api.w.org\/{rel}","templated":true}]}}